{"id":76,"date":"2013-01-13T21:45:26","date_gmt":"2013-01-13T20:45:26","guid":{"rendered":"http:\/\/new.terrypratchett.pl\/2013\/01\/13\/wyprawa-czarownic\/"},"modified":"2013-01-13T21:45:26","modified_gmt":"2013-01-13T20:45:26","slug":"wyprawa-czarownic","status":"publish","type":"post","link":"https:\/\/terrypratchett.pl\/index.php\/2013\/01\/13\/wyprawa-czarownic\/","title":{"rendered":"Wyprawa czarownic"},"content":{"rendered":"<p style=\"text-align: justify\">Opowie\u015b\u0107 o opowie\u015bciach, o tym, co to znaczy by\u0107 wr\u00f3\u017ck\u0105 i matk\u0105 chrzestn\u0105, ale przede wszystkim o zwierciad\u0142ach i odbiciach. Magrat Garlick dziedziczy magiczn\u0105 r\u00f3\u017cd\u017ck\u0119, kt\u00f3ra potrafi wyczarowywa\u0107 dynie (i w\u0142a\u015bciwie nic wi\u0119cej&#8230;) i z pozosta\u0142ymi wied\u017amami udaje si\u0119 do Genui, \u017ceby pewne dziewcz\u0119 nie po\u015blubi\u0142o ksi\u0119cia. Wbrew Przeznaczeniu i Happy-endyzmowi.\u00a0<\/p>\n<p style=\"text-align: justify\"><span style=\"line-height: 1.3em\">W ca\u0142ym wszech\u015bwiecie \u017cyj\u0105 prymitywne plemiona, kt\u00f3re nie ufaj\u0105 lustrom i obrazom. Uwa\u017caj\u0105 one, \u017ce lustra kradn\u0105 cz\u0119\u015b\u0107 duszy.<\/span><\/p>\n<p style=\"text-align: justify\">S\u0105 te\u017c inni ludzie (ci nosz\u0105 wi\u0119cej odzie\u017cy), kt\u00f3rzy twierdz\u0105, \u017ce to zwyk\u0142e przes\u0105dy. Przes\u0105dy nie musz\u0105 by\u0107 jednak fa\u0142szywe.<\/p>\n<p style=\"text-align: justify\">Lustro mo\u017ce wessa\u0107 skrawek duszy, mo\u017ce w kawa\u0142ku nie grubszego ni\u017c tchnienie, posrebrzonego szk\u0142a, pomie\u015bci\u0107 odbicie ca\u0142ego wszech\u015bwiata, a nawet niebo pe\u0142ne gwiazd.<\/p>\n<p>  <!--more-->  <\/p>\n<p>\u00a0<\/p>\n<p style=\"text-align: justify\">Kto rozumie lustra, ten rozumie prawie wszystko.<\/p>\n<p style=\"text-align: justify\">Sp\u00f3jrzmy w lustro&#8230;<\/p>\n<p style=\"text-align: justify\">&#8230;g\u0142\u0119biej&#8230;<\/p>\n<p style=\"text-align: justify\">&#8230;na pomara\u0144czowe \u015bwiate\u0142ko na nagim g\u00f3rskim wierzcho\u0142ku, tysi\u0105ce mil od ro\u015blinnego ciep\u0142a bagien&#8230;<\/p>\n<p style=\"text-align: justify\"><strong>Wyprawa czarownic<\/strong> (oryginalne Witches Abroad) powie\u015b\u0107 fantasy Terry&#8217;ego Pratchetta, wydana w 1991 r. Jest to dwunasta cz\u0119\u015b\u0107 cyklu \u015awiat Dysku. Wchodzi w cykl o czarownicach, bezpo\u015brednia kontynuacja Trzech Wied\u017am.<\/p>\n<p><span style=\"color: #ff0000\"><img decoding=\"async\" class=\" size-full wp-image-75\" src=\"https:\/\/upbeat-euclid.146-59-68-4.plesk.page\/wp-content\/uploads\/2013\/01\/Witches-Abroad.jpg\" border=\"0\" width=\"650\" style=\"border: 0px;margin-left: auto;margin-right: auto\" srcset=\"https:\/\/terrypratchett.pl\/wp-content\/uploads\/2013\/01\/Witches-Abroad.jpg 1024w, https:\/\/terrypratchett.pl\/wp-content\/uploads\/2013\/01\/Witches-Abroad-300x217.jpg 300w, https:\/\/terrypratchett.pl\/wp-content\/uploads\/2013\/01\/Witches-Abroad-768x555.jpg 768w\" sizes=\"(max-width: 1024px) 100vw, 1024px\" \/><\/span><\/p>\n<p>\u00a0<\/p>\n<p>\u00a0<\/p>\n","protected":false},"excerpt":{"rendered":"<p>Opowie\u015b\u0107 o opowie\u015bciach, o tym, co to znaczy by\u0107 wr\u00f3\u017ck\u0105 i matk\u0105 chrzestn\u0105, ale przede wszystkim o zwierciad\u0142ach i odbiciach. Magrat Garlick dziedziczy magiczn\u0105 r\u00f3\u017cd\u017ck\u0119, kt\u00f3ra potrafi wyczarowywa\u0107 dynie (i w\u0142a\u015bciwie nic wi\u0119cej&#8230;) i z pozosta\u0142ymi wied\u017amami udaje si\u0119 do Genui, \u017ceby pewne dziewcz\u0119 nie po\u015blubi\u0142o ksi\u0119cia. Wbrew Przeznaczeniu i Happy-endyzmowi.\u00a0 W ca\u0142ym wszech\u015bwiecie \u017cyj\u0105 [&hellip;]<\/p>\n","protected":false},"author":1,"featured_media":74,"comment_status":"open","ping_status":"closed","sticky":false,"template":"","format":"standard","meta":{"footnotes":""},"categories":[13],"tags":[],"class_list":["post-76","post","type-post","status-publish","format-standard","has-post-thumbnail","hentry","category-swiat-dysku"],"_links":{"self":[{"href":"https:\/\/terrypratchett.pl\/index.php\/wp-json\/wp\/v2\/posts\/76","targetHints":{"allow":["GET"]}}],"collection":[{"href":"https:\/\/terrypratchett.pl\/index.php\/wp-json\/wp\/v2\/posts"}],"about":[{"href":"https:\/\/terrypratchett.pl\/index.php\/wp-json\/wp\/v2\/types\/post"}],"author":[{"embeddable":true,"href":"https:\/\/terrypratchett.pl\/index.php\/wp-json\/wp\/v2\/users\/1"}],"replies":[{"embeddable":true,"href":"https:\/\/terrypratchett.pl\/index.php\/wp-json\/wp\/v2\/comments?post=76"}],"version-history":[{"count":0,"href":"https:\/\/terrypratchett.pl\/index.php\/wp-json\/wp\/v2\/posts\/76\/revisions"}],"wp:featuredmedia":[{"embeddable":true,"href":"https:\/\/terrypratchett.pl\/index.php\/wp-json\/wp\/v2\/media\/74"}],"wp:attachment":[{"href":"https:\/\/terrypratchett.pl\/index.php\/wp-json\/wp\/v2\/media?parent=76"}],"wp:term":[{"taxonomy":"category","embeddable":true,"href":"https:\/\/terrypratchett.pl\/index.php\/wp-json\/wp\/v2\/categories?post=76"},{"taxonomy":"post_tag","embeddable":true,"href":"https:\/\/terrypratchett.pl\/index.php\/wp-json\/wp\/v2\/tags?post=76"}],"curies":[{"name":"wp","href":"https:\/\/api.w.org\/{rel}","templated":true}]}}