{"id":55,"date":"2013-01-13T18:42:54","date_gmt":"2013-01-13T17:42:54","guid":{"rendered":"http:\/\/new.terrypratchett.pl\/2013\/01\/13\/eryk-faust\/"},"modified":"2013-01-13T18:42:54","modified_gmt":"2013-01-13T17:42:54","slug":"eryk-faust","status":"publish","type":"post","link":"https:\/\/terrypratchett.pl\/index.php\/2013\/01\/13\/eryk-faust\/","title":{"rendered":"Eryk (Faust)"},"content":{"rendered":"<p style=\"text-align: justify\">S\u0142yszeli\u015bcie o Fau\u015bcie&#8230;<\/p>\n<p style=\"text-align: justify\"><span style=\"line-height: 1.3em\">To jest Eryk.<\/span><\/p>\n<p style=\"text-align: justify\"><span style=\"line-height: 1.3em\">Istnieje pewna r\u00f3\u017cnica.<\/span><\/p>\n<p style=\"text-align: justify\"><span style=\"line-height: 1.3em\">Eryk ma czterna\u015bcie lat, mieszka na legendarnym i magicznym \u015awiecie Dysku, a tak\u017ce jest pierwszym w historii hakerem demonologii. Na szcz\u0119\u015bcie nie uda\u0142o mu si\u0119 wywo\u0142a\u0107 \u017cadnych demon\u00f3w, wywo\u0142a\u0142 za to Rincewinda (najbardziej niekompetentnego maga w uniwersum)oraz Baga\u017c (najniebezpieczniejszy sprz\u0119t podr\u00f3\u017cny na \u015bwiecie). Kiedy Eryk wypuszcza ich na niczym nie chroniony \u015bwiat, oczekuje, \u017ce Rincewind spe\u0142ni trzy jego \u017cyczenia.<\/span><\/p>\n<p style=\"text-align: justify\">Wiecie przecie\u017c. Standardowa tr\u00f3jka. \u017by\u0107 wiecznie, panowa\u0107 nad \u015bwiatem, spotka\u0107 najpi\u0119kniejsz\u0105 kobiet\u0119 w historii. W\u0142a\u015bciwie to proste&#8230;<\/p>\n<p>  <!--more-->  <\/p>\n<p>\u00a0<\/p>\n<p style=\"text-align: justify\"><span style=\"line-height: 1.3em\">Dryfowanie u zarania Czasu, zmiana przysz\u0142o\u015bci i spotkanie z najbardziej k\u0142opotliwym bogiem historii to zaledwie pocz\u0105tek. Stworzenie \u017cycia na Dysku to drobnostka. Poniewa\u017c Rincewind trafia w ko\u0144cu do Piek\u0142a. Dos\u0142ownie. A ono nigdy ju\u017c nie b\u0119dzie takie jak dawniej.<\/span><\/p>\n<p style=\"text-align: justify\"><span><span style=\"text-decoration: line-through\">Faust<\/span> Eryk (oryginalnie: <span style=\"text-decoration: line-through\">Faust<\/span> Eric) \u2013 powie\u015b\u0107 wydana w 1990 r. Jako wsp\u00f3\u0142autor wydania albumowego wyst\u0119puje ilustrator Josh Kirby. W Polsce ksi\u0105\u017cka ukaza\u0142a si\u0119 po raz pierwszy w 1997 r. nak\u0142adem wydawnictwa Pr\u00f3szy\u0144ski i S-ka, z pomini\u0119ciem oryginalnej chronologii cyklu (po Czarodzicielstwie zamiast po Stra\u017c! Stra\u017c!). Jest to dziewi\u0105ta cz\u0119\u015b\u0107 d\u0142ugiego cyklu \u015awiat Dysku, zaliczana do podcyklu o Rincewindzie.<\/span><\/p>\n<p><img decoding=\"async\" class=\" size-full wp-image-52\" src=\"https:\/\/upbeat-euclid.146-59-68-4.plesk.page\/wp-content\/uploads\/2013\/01\/eryk.jpg\" border=\"0\" width=\"600\" style=\"border: 0px;margin-left: auto;margin-right: auto\" srcset=\"https:\/\/terrypratchett.pl\/wp-content\/uploads\/2013\/01\/eryk.jpg 2023w, https:\/\/terrypratchett.pl\/wp-content\/uploads\/2013\/01\/eryk-300x200.jpg 300w, https:\/\/terrypratchett.pl\/wp-content\/uploads\/2013\/01\/eryk-1024x683.jpg 1024w, https:\/\/terrypratchett.pl\/wp-content\/uploads\/2013\/01\/eryk-768x513.jpg 768w, https:\/\/terrypratchett.pl\/wp-content\/uploads\/2013\/01\/eryk-1536x1025.jpg 1536w\" sizes=\"(max-width: 2023px) 100vw, 2023px\" \/><\/p>\n<p><img decoding=\"async\" class=\" size-full wp-image-53\" src=\"https:\/\/upbeat-euclid.146-59-68-4.plesk.page\/wp-content\/uploads\/2013\/01\/erykgraficzn2.png\" border=\"0\" width=\"600\" style=\"border: 0px;margin-left: auto;margin-right: auto\" srcset=\"https:\/\/terrypratchett.pl\/wp-content\/uploads\/2013\/01\/erykgraficzn2.png 640w, https:\/\/terrypratchett.pl\/wp-content\/uploads\/2013\/01\/erykgraficzn2-300x227.png 300w\" sizes=\"(max-width: 640px) 100vw, 640px\" \/><\/p>\n<p><img loading=\"lazy\" decoding=\"async\" class=\" size-full wp-image-54\" src=\"https:\/\/upbeat-euclid.146-59-68-4.plesk.page\/wp-content\/uploads\/2013\/01\/erykgraficzna.jpg\" border=\"0\" alt=\"\" style=\"margin-left: auto;margin-right: auto\" width=\"430\" height=\"639\" srcset=\"https:\/\/terrypratchett.pl\/wp-content\/uploads\/2013\/01\/erykgraficzna.jpg 430w, https:\/\/terrypratchett.pl\/wp-content\/uploads\/2013\/01\/erykgraficzna-202x300.jpg 202w\" sizes=\"auto, (max-width: 430px) 100vw, 430px\" \/><\/p>\n","protected":false},"excerpt":{"rendered":"<p>S\u0142yszeli\u015bcie o Fau\u015bcie&#8230; To jest Eryk. Istnieje pewna r\u00f3\u017cnica. Eryk ma czterna\u015bcie lat, mieszka na legendarnym i magicznym \u015awiecie Dysku, a tak\u017ce jest pierwszym w historii hakerem demonologii. Na szcz\u0119\u015bcie nie uda\u0142o mu si\u0119 wywo\u0142a\u0107 \u017cadnych demon\u00f3w, wywo\u0142a\u0142 za to Rincewinda (najbardziej niekompetentnego maga w uniwersum)oraz Baga\u017c (najniebezpieczniejszy sprz\u0119t podr\u00f3\u017cny na \u015bwiecie). Kiedy Eryk wypuszcza [&hellip;]<\/p>\n","protected":false},"author":1,"featured_media":51,"comment_status":"open","ping_status":"closed","sticky":false,"template":"","format":"standard","meta":{"footnotes":""},"categories":[13],"tags":[],"class_list":["post-55","post","type-post","status-publish","format-standard","has-post-thumbnail","hentry","category-swiat-dysku"],"_links":{"self":[{"href":"https:\/\/terrypratchett.pl\/index.php\/wp-json\/wp\/v2\/posts\/55","targetHints":{"allow":["GET"]}}],"collection":[{"href":"https:\/\/terrypratchett.pl\/index.php\/wp-json\/wp\/v2\/posts"}],"about":[{"href":"https:\/\/terrypratchett.pl\/index.php\/wp-json\/wp\/v2\/types\/post"}],"author":[{"embeddable":true,"href":"https:\/\/terrypratchett.pl\/index.php\/wp-json\/wp\/v2\/users\/1"}],"replies":[{"embeddable":true,"href":"https:\/\/terrypratchett.pl\/index.php\/wp-json\/wp\/v2\/comments?post=55"}],"version-history":[{"count":0,"href":"https:\/\/terrypratchett.pl\/index.php\/wp-json\/wp\/v2\/posts\/55\/revisions"}],"wp:featuredmedia":[{"embeddable":true,"href":"https:\/\/terrypratchett.pl\/index.php\/wp-json\/wp\/v2\/media\/51"}],"wp:attachment":[{"href":"https:\/\/terrypratchett.pl\/index.php\/wp-json\/wp\/v2\/media?parent=55"}],"wp:term":[{"taxonomy":"category","embeddable":true,"href":"https:\/\/terrypratchett.pl\/index.php\/wp-json\/wp\/v2\/categories?post=55"},{"taxonomy":"post_tag","embeddable":true,"href":"https:\/\/terrypratchett.pl\/index.php\/wp-json\/wp\/v2\/tags?post=55"}],"curies":[{"name":"wp","href":"https:\/\/api.w.org\/{rel}","templated":true}]}}