{"id":22,"date":"2013-01-12T21:04:37","date_gmt":"2013-01-12T20:04:37","guid":{"rendered":"http:\/\/new.terrypratchett.pl\/2013\/01\/12\/blask-fantastyczny\/"},"modified":"2013-01-12T21:04:37","modified_gmt":"2013-01-12T20:04:37","slug":"blask-fantastyczny","status":"publish","type":"post","link":"https:\/\/terrypratchett.pl\/index.php\/2013\/01\/12\/blask-fantastyczny\/","title":{"rendered":"Blask fantastyczny"},"content":{"rendered":"<p style=\"text-align: justify\">Tylko jedna osoba mo\u017ce ocali\u0107 \u015awiat Dysku, kt\u00f3ry sunie ku nieuniknionej z pozoru kolizji ze z\u0142owr\u00f3\u017cbn\u0105 czerwon\u0105 gwiazd\u0105. Na nieszcz\u0119\u015bcie, osob\u0105 t\u0105 jest ma\u0142o uzdolniony i tch\u00f3rzliwy mag o imieniu Ricewind, kt\u00f3rego po raz ostatni widziano, jak spad\u0142 poza kraw\u0119d\u017a \u015bwiata&#8230; Rincewind zostaje magicznie \u015bci\u0105gni\u0119ty z Kosmosu, by sta\u0107 si\u0119 obiektem polowania wszystkich o\u015bmiu Obrz\u0105dk\u00f3w Magicznych, pr\u00f3buj\u0105cych odzyska\u0107 ukryte w jego umy\u015ble Zakl\u0119cie. W towarzystwie Dwukwiata z Baga\u017cem i Cohena &#8211; najwi\u0119kszego i najs\u0142ynniejszego z bohater\u00f3w Dysku (cho\u0107 ostatnio troch\u0119 bez formy) &#8211; po licznych przygodach powraca do Ankh Morpork, by uczestniczy\u0107 w jednym z kluczowych wydarze\u0144 historii i kosmologii r\u00f3wnocze\u015bnie. Na szcz\u0119\u015bcie zako\u0144czonym szcz\u0119\u015bliwie.<\/p>\n<p style=\"text-align: justify\"><span style=\"line-height: 1.3em\">Blask fantastyczny zosta\u0142 wydany w 1986 r. W Polsce ksi\u0105\u017cka ukaza\u0142a si\u0119 po raz pierwszy w 1995 r. nak\u0142adem wydawnictwa Pr\u00f3szy\u0144ski i S-ka. Jest to druga cz\u0119\u015b\u0107 d\u0142ugiego cyklu \u015awiat Dysku, zaliczana do podcyklu o Rincewindzie.<\/span><\/p>\n<p style=\"text-align: justify\">Jest to kontynuacja pierwszego tomu &#8211; Kolor magii i opowiada dalsze losy maga-nieudacznika Rincewinda.<\/p>\n<p>\u00a0<\/p>\n<p>  <!--more-->  <\/p>\n<p>\u00a0<\/p>\n<p>\u00a0<\/p><\/p>\n","protected":false},"excerpt":{"rendered":"<p>Tylko jedna osoba mo\u017ce ocali\u0107 \u015awiat Dysku, kt\u00f3ry sunie ku nieuniknionej z pozoru kolizji ze z\u0142owr\u00f3\u017cbn\u0105 czerwon\u0105 gwiazd\u0105. Na nieszcz\u0119\u015bcie, osob\u0105 t\u0105 jest ma\u0142o uzdolniony i tch\u00f3rzliwy mag o imieniu Ricewind, kt\u00f3rego po raz ostatni widziano, jak spad\u0142 poza kraw\u0119d\u017a \u015bwiata&#8230; Rincewind zostaje magicznie \u015bci\u0105gni\u0119ty z Kosmosu, by sta\u0107 si\u0119 obiektem polowania wszystkich o\u015bmiu Obrz\u0105dk\u00f3w [&hellip;]<\/p>\n","protected":false},"author":1,"featured_media":21,"comment_status":"open","ping_status":"closed","sticky":false,"template":"","format":"standard","meta":{"footnotes":""},"categories":[13],"tags":[],"class_list":["post-22","post","type-post","status-publish","format-standard","has-post-thumbnail","hentry","category-swiat-dysku"],"_links":{"self":[{"href":"https:\/\/terrypratchett.pl\/index.php\/wp-json\/wp\/v2\/posts\/22","targetHints":{"allow":["GET"]}}],"collection":[{"href":"https:\/\/terrypratchett.pl\/index.php\/wp-json\/wp\/v2\/posts"}],"about":[{"href":"https:\/\/terrypratchett.pl\/index.php\/wp-json\/wp\/v2\/types\/post"}],"author":[{"embeddable":true,"href":"https:\/\/terrypratchett.pl\/index.php\/wp-json\/wp\/v2\/users\/1"}],"replies":[{"embeddable":true,"href":"https:\/\/terrypratchett.pl\/index.php\/wp-json\/wp\/v2\/comments?post=22"}],"version-history":[{"count":0,"href":"https:\/\/terrypratchett.pl\/index.php\/wp-json\/wp\/v2\/posts\/22\/revisions"}],"wp:featuredmedia":[{"embeddable":true,"href":"https:\/\/terrypratchett.pl\/index.php\/wp-json\/wp\/v2\/media\/21"}],"wp:attachment":[{"href":"https:\/\/terrypratchett.pl\/index.php\/wp-json\/wp\/v2\/media?parent=22"}],"wp:term":[{"taxonomy":"category","embeddable":true,"href":"https:\/\/terrypratchett.pl\/index.php\/wp-json\/wp\/v2\/categories?post=22"},{"taxonomy":"post_tag","embeddable":true,"href":"https:\/\/terrypratchett.pl\/index.php\/wp-json\/wp\/v2\/tags?post=22"}],"curies":[{"name":"wp","href":"https:\/\/api.w.org\/{rel}","templated":true}]}}